{"id":14,"date":"2016-09-29T15:27:19","date_gmt":"2016-09-29T15:27:19","guid":{"rendered":"https:\/\/blogs.ucjc.edu\/grado-cine\/?p=14"},"modified":"2016-09-29T15:27:19","modified_gmt":"2016-09-29T15:27:19","slug":"la-sede-ucjc-de-almagro-set-de-rodaje-en-una-una-produccion-cinematografica","status":"publish","type":"post","link":"https:\/\/blogs.ucjc.edu\/grado-cine\/2016\/09\/29\/la-sede-ucjc-de-almagro-set-de-rodaje-en-una-una-produccion-cinematografica\/","title":{"rendered":"La sede UCJC de Almagro, set de rodaje en una una producci\u00f3n cinematogr\u00e1fica"},"content":{"rendered":"<p><span style=\"color: #000000;font-family: Calibri;font-size: medium\">Piluca Baquero, directora del grado en Cine UCJC, est\u00e1 desarrollando un nuevo proyecto cinematogr\u00e1fico en su carrera profesional. Nuestra universidad ha participado en el mismo con la aportaci\u00f3n de sus instalaciones en la sede de Almagro, que se convert\u00eda en el d\u00eda de ayer en un escenario m\u00e1s de la historia. Adem\u00e1s, nuestra instituci\u00f3n tambi\u00e9n cuenta con varios alumnos del grado que participan.<\/span><\/p>\n<p><img loading=\"lazy\" decoding=\"async\" width=\"300\" height=\"169\" class=\"img-responsive alignnone size-medium wp-image-16\" src=\"https:\/\/blogs.ucjc.edu\/grado-cine\/wp-content\/uploads\/sites\/32\/2016\/09\/14481810_10154609425497236_6318898522398559539_o-300x169.jpg\" alt=\"Alumnos UCJC participan en el proyecto\" srcset=\"https:\/\/blogs.ucjc.edu\/grado-cine\/wp-content\/uploads\/sites\/32\/2016\/09\/14481810_10154609425497236_6318898522398559539_o-300x168.jpg 300w, https:\/\/blogs.ucjc.edu\/grado-cine\/wp-content\/uploads\/sites\/32\/2016\/09\/14481810_10154609425497236_6318898522398559539_o-768x432.jpg 768w, https:\/\/blogs.ucjc.edu\/grado-cine\/wp-content\/uploads\/sites\/32\/2016\/09\/14481810_10154609425497236_6318898522398559539_o-1024x576.jpg 1024w, https:\/\/blogs.ucjc.edu\/grado-cine\/wp-content\/uploads\/sites\/32\/2016\/09\/14481810_10154609425497236_6318898522398559539_o-1140x641.jpg 1140w, https:\/\/blogs.ucjc.edu\/grado-cine\/wp-content\/uploads\/sites\/32\/2016\/09\/14481810_10154609425497236_6318898522398559539_o-500x281.jpg 500w, https:\/\/blogs.ucjc.edu\/grado-cine\/wp-content\/uploads\/sites\/32\/2016\/09\/14481810_10154609425497236_6318898522398559539_o.jpg 2048w\" sizes=\"auto, (max-width: 300px) 100vw, 300px\" \/><\/p>\n<p><span style=\"color: #000000;font-family: Calibri;font-size: medium\">La ense\u00f1anza en el cine requiere de profesionales en activo muy cualificados, como Piluca Baquero, que trabaja ahora en \u201cEl Silencio Roto\u201d, un documental sobre el acoso escolar. Varios alumnos del grado UCJC participan en este proyecto que esperamos ver finalizado a la mayor brevedad posible.<\/span><\/p>\n<p><span style=\"color: #000000;font-family: Calibri;font-size: medium\">La sede de Almagro de la UCJC es un emblem\u00e1tico edificio en el centro de Madrid que es un marco extraordinario para diversos tipos de actos y eventos, incluyendo hasta rodajes cinematogr\u00e1ficos. Ayer se escuchaba en los pasillos los cl\u00e1sicos: \u201cChsssssss\u2026.. \u00a1\u00a1\u00a1Silencio!!!, \u00a1se rueda!\u201d, y \u201cC\u00e1mara y\u2026.. \u00a1acci\u00f3n!\u201d.<\/span><\/p>\n<p><img loading=\"lazy\" decoding=\"async\" width=\"300\" height=\"169\" class=\"img-responsive alignnone size-medium wp-image-17\" src=\"https:\/\/blogs.ucjc.edu\/grado-cine\/wp-content\/uploads\/sites\/32\/2016\/09\/14480588_10154609425502236_7967393222672357007_o-300x169.jpg\" alt=\"Sede UCJC de almagro, plat\u00f3 de rodaje por un d\u00eda\" srcset=\"https:\/\/blogs.ucjc.edu\/grado-cine\/wp-content\/uploads\/sites\/32\/2016\/09\/14480588_10154609425502236_7967393222672357007_o-300x168.jpg 300w, https:\/\/blogs.ucjc.edu\/grado-cine\/wp-content\/uploads\/sites\/32\/2016\/09\/14480588_10154609425502236_7967393222672357007_o-768x432.jpg 768w, https:\/\/blogs.ucjc.edu\/grado-cine\/wp-content\/uploads\/sites\/32\/2016\/09\/14480588_10154609425502236_7967393222672357007_o-1024x576.jpg 1024w, https:\/\/blogs.ucjc.edu\/grado-cine\/wp-content\/uploads\/sites\/32\/2016\/09\/14480588_10154609425502236_7967393222672357007_o-1140x641.jpg 1140w, https:\/\/blogs.ucjc.edu\/grado-cine\/wp-content\/uploads\/sites\/32\/2016\/09\/14480588_10154609425502236_7967393222672357007_o-500x281.jpg 500w, https:\/\/blogs.ucjc.edu\/grado-cine\/wp-content\/uploads\/sites\/32\/2016\/09\/14480588_10154609425502236_7967393222672357007_o.jpg 2048w\" sizes=\"auto, (max-width: 300px) 100vw, 300px\" \/><\/p>\n","protected":false},"excerpt":{"rendered":"<p>Piluca Baquero, directora del grado en Cine UCJC, est\u00e1 desarrollando un nuevo proyecto cinematogr\u00e1fico en su carrera profesional. Nuestra universidad ha participado en el mismo con la aportaci\u00f3n de sus instalaciones en la sede de Almagro, que se convert\u00eda en &hellip; <a href=\"https:\/\/blogs.ucjc.edu\/grado-cine\/2016\/09\/29\/la-sede-ucjc-de-almagro-set-de-rodaje-en-una-una-produccion-cinematografica\/\">Leer m\u00e1s<\/a><\/p>\n","protected":false},"author":45,"featured_media":15,"comment_status":"open","ping_status":"open","sticky":false,"template":"","format":"standard","meta":{"inline_featured_image":false,"footnotes":""},"categories":[2,4,6,3,5],"tags":[],"class_list":["post-14","post","type-post","status-publish","format-standard","has-post-thumbnail","hentry","category-cine","category-comunicacion","category-comunicacion-audiovisual","category-ucjc","category-universidad"],"yoast_head":"<!-- This site is optimized with the Yoast SEO plugin v25.3.1 - https:\/\/yoast.com\/wordpress\/plugins\/seo\/ -->\n<title>La sede UCJC de Almagro, set de rodaje en una una producci\u00f3n cinematogr\u00e1fica - Blog de Cine<\/title>\n<meta name=\"robots\" content=\"index, follow, max-snippet:-1, max-image-preview:large, max-video-preview:-1\" \/>\n<link rel=\"canonical\" href=\"https:\/\/blogs.ucjc.edu\/grado-cine\/2016\/09\/29\/la-sede-ucjc-de-almagro-set-de-rodaje-en-una-una-produccion-cinematografica\/\" \/>\n<meta property=\"og:locale\" content=\"es_ES\" \/>\n<meta property=\"og:type\" content=\"article\" \/>\n<meta property=\"og:title\" content=\"La sede UCJC de Almagro, set de rodaje en una una producci\u00f3n cinematogr\u00e1fica - Blog de Cine\" \/>\n<meta property=\"og:description\" content=\"Piluca Baquero, directora del grado en Cine UCJC, est\u00e1 desarrollando un nuevo proyecto cinematogr\u00e1fico en su carrera profesional. Nuestra universidad ha participado en el mismo con la aportaci\u00f3n de sus instalaciones en la sede de Almagro, que se convert\u00eda en &hellip; Leer m\u00e1s\" \/>\n<meta property=\"og:url\" content=\"https:\/\/blogs.ucjc.edu\/grado-cine\/2016\/09\/29\/la-sede-ucjc-de-almagro-set-de-rodaje-en-una-una-produccion-cinematografica\/\" \/>\n<meta property=\"og:site_name\" content=\"Blog de Cine\" \/>\n<meta property=\"article:published_time\" content=\"2016-09-29T15:27:19+00:00\" \/>\n<meta property=\"og:image\" content=\"https:\/\/blogs.ucjc.edu\/grado-cine\/wp-content\/uploads\/sites\/32\/2016\/09\/14495324_10154609425677236_7800918620085909597_n.jpg\" \/>\n\t<meta property=\"og:image:width\" content=\"540\" \/>\n\t<meta property=\"og:image:height\" content=\"960\" \/>\n\t<meta property=\"og:image:type\" content=\"image\/jpeg\" \/>\n<meta name=\"author\" content=\"Piluca\" \/>\n<meta name=\"twitter:card\" content=\"summary_large_image\" \/>\n<meta name=\"twitter:label1\" content=\"Written by\" \/>\n\t<meta name=\"twitter:data1\" content=\"Piluca\" \/>\n\t<meta name=\"twitter:label2\" content=\"Est. reading time\" \/>\n\t<meta name=\"twitter:data2\" content=\"1 minuto\" \/>\n<script type=\"application\/ld+json\" class=\"yoast-schema-graph\">{\"@context\":\"https:\/\/schema.org\",\"@graph\":[{\"@type\":\"WebPage\",\"@id\":\"https:\/\/blogs.ucjc.edu\/grado-cine\/2016\/09\/29\/la-sede-ucjc-de-almagro-set-de-rodaje-en-una-una-produccion-cinematografica\/\",\"url\":\"https:\/\/blogs.ucjc.edu\/grado-cine\/2016\/09\/29\/la-sede-ucjc-de-almagro-set-de-rodaje-en-una-una-produccion-cinematografica\/\",\"name\":\"La sede UCJC de Almagro, set de rodaje en una una producci\u00f3n cinematogr\u00e1fica - Blog de Cine\",\"isPartOf\":{\"@id\":\"https:\/\/blogs.ucjc.edu\/grado-cine\/#website\"},\"primaryImageOfPage\":{\"@id\":\"https:\/\/blogs.ucjc.edu\/grado-cine\/2016\/09\/29\/la-sede-ucjc-de-almagro-set-de-rodaje-en-una-una-produccion-cinematografica\/#primaryimage\"},\"image\":{\"@id\":\"https:\/\/blogs.ucjc.edu\/grado-cine\/2016\/09\/29\/la-sede-ucjc-de-almagro-set-de-rodaje-en-una-una-produccion-cinematografica\/#primaryimage\"},\"thumbnailUrl\":\"https:\/\/blogs.ucjc.edu\/grado-cine\/wp-content\/uploads\/sites\/32\/2016\/09\/14495324_10154609425677236_7800918620085909597_n.jpg\",\"datePublished\":\"2016-09-29T15:27:19+00:00\",\"author\":{\"@id\":\"https:\/\/blogs.ucjc.edu\/grado-cine\/#\/schema\/person\/7d2122b030810db814145ba7847a1433\"},\"breadcrumb\":{\"@id\":\"https:\/\/blogs.ucjc.edu\/grado-cine\/2016\/09\/29\/la-sede-ucjc-de-almagro-set-de-rodaje-en-una-una-produccion-cinematografica\/#breadcrumb\"},\"inLanguage\":\"es\",\"potentialAction\":[{\"@type\":\"ReadAction\",\"target\":[\"https:\/\/blogs.ucjc.edu\/grado-cine\/2016\/09\/29\/la-sede-ucjc-de-almagro-set-de-rodaje-en-una-una-produccion-cinematografica\/\"]}]},{\"@type\":\"ImageObject\",\"inLanguage\":\"es\",\"@id\":\"https:\/\/blogs.ucjc.edu\/grado-cine\/2016\/09\/29\/la-sede-ucjc-de-almagro-set-de-rodaje-en-una-una-produccion-cinematografica\/#primaryimage\",\"url\":\"https:\/\/blogs.ucjc.edu\/grado-cine\/wp-content\/uploads\/sites\/32\/2016\/09\/14495324_10154609425677236_7800918620085909597_n.jpg\",\"contentUrl\":\"https:\/\/blogs.ucjc.edu\/grado-cine\/wp-content\/uploads\/sites\/32\/2016\/09\/14495324_10154609425677236_7800918620085909597_n.jpg\",\"width\":540,\"height\":960},{\"@type\":\"BreadcrumbList\",\"@id\":\"https:\/\/blogs.ucjc.edu\/grado-cine\/2016\/09\/29\/la-sede-ucjc-de-almagro-set-de-rodaje-en-una-una-produccion-cinematografica\/#breadcrumb\",\"itemListElement\":[{\"@type\":\"ListItem\",\"position\":1,\"name\":\"Portada\",\"item\":\"https:\/\/blogs.ucjc.edu\/grado-cine\/\"},{\"@type\":\"ListItem\",\"position\":2,\"name\":\"La sede UCJC de Almagro, set de rodaje en una una producci\u00f3n cinematogr\u00e1fica\"}]},{\"@type\":\"WebSite\",\"@id\":\"https:\/\/blogs.ucjc.edu\/grado-cine\/#website\",\"url\":\"https:\/\/blogs.ucjc.edu\/grado-cine\/\",\"name\":\"Blog de Cine\",\"description\":\"Otro sitio m\u00e1s de Blogs Universidad Camilo Jos\u00e9 Cela\",\"potentialAction\":[{\"@type\":\"SearchAction\",\"target\":{\"@type\":\"EntryPoint\",\"urlTemplate\":\"https:\/\/blogs.ucjc.edu\/grado-cine\/?s={search_term_string}\"},\"query-input\":{\"@type\":\"PropertyValueSpecification\",\"valueRequired\":true,\"valueName\":\"search_term_string\"}}],\"inLanguage\":\"es\"},{\"@type\":\"Person\",\"@id\":\"https:\/\/blogs.ucjc.edu\/grado-cine\/#\/schema\/person\/7d2122b030810db814145ba7847a1433\",\"name\":\"Piluca\",\"image\":{\"@type\":\"ImageObject\",\"inLanguage\":\"es\",\"@id\":\"https:\/\/blogs.ucjc.edu\/grado-cine\/#\/schema\/person\/image\/\",\"url\":\"https:\/\/secure.gravatar.com\/avatar\/034b646bbf658fa9298938cb31cb81e20c3db9f71b8f9b0e50c8d6dfc71d05a3?s=96&d=mm&r=g\",\"contentUrl\":\"https:\/\/secure.gravatar.com\/avatar\/034b646bbf658fa9298938cb31cb81e20c3db9f71b8f9b0e50c8d6dfc71d05a3?s=96&d=mm&r=g\",\"caption\":\"Piluca\"},\"url\":\"https:\/\/blogs.ucjc.edu\/grado-cine\/author\/blog-de-cine\/\"}]}<\/script>\n<!-- \/ Yoast SEO plugin. -->","yoast_head_json":{"title":"La sede UCJC de Almagro, set de rodaje en una una producci\u00f3n cinematogr\u00e1fica - Blog de Cine","robots":{"index":"index","follow":"follow","max-snippet":"max-snippet:-1","max-image-preview":"max-image-preview:large","max-video-preview":"max-video-preview:-1"},"canonical":"https:\/\/blogs.ucjc.edu\/grado-cine\/2016\/09\/29\/la-sede-ucjc-de-almagro-set-de-rodaje-en-una-una-produccion-cinematografica\/","og_locale":"es_ES","og_type":"article","og_title":"La sede UCJC de Almagro, set de rodaje en una una producci\u00f3n cinematogr\u00e1fica - Blog de Cine","og_description":"Piluca Baquero, directora del grado en Cine UCJC, est\u00e1 desarrollando un nuevo proyecto cinematogr\u00e1fico en su carrera profesional. Nuestra universidad ha participado en el mismo con la aportaci\u00f3n de sus instalaciones en la sede de Almagro, que se convert\u00eda en &hellip; Leer m\u00e1s","og_url":"https:\/\/blogs.ucjc.edu\/grado-cine\/2016\/09\/29\/la-sede-ucjc-de-almagro-set-de-rodaje-en-una-una-produccion-cinematografica\/","og_site_name":"Blog de Cine","article_published_time":"2016-09-29T15:27:19+00:00","og_image":[{"width":540,"height":960,"url":"https:\/\/blogs.ucjc.edu\/grado-cine\/wp-content\/uploads\/sites\/32\/2016\/09\/14495324_10154609425677236_7800918620085909597_n.jpg","type":"image\/jpeg"}],"author":"Piluca","twitter_card":"summary_large_image","twitter_misc":{"Written by":"Piluca","Est. reading time":"1 minuto"},"schema":{"@context":"https:\/\/schema.org","@graph":[{"@type":"WebPage","@id":"https:\/\/blogs.ucjc.edu\/grado-cine\/2016\/09\/29\/la-sede-ucjc-de-almagro-set-de-rodaje-en-una-una-produccion-cinematografica\/","url":"https:\/\/blogs.ucjc.edu\/grado-cine\/2016\/09\/29\/la-sede-ucjc-de-almagro-set-de-rodaje-en-una-una-produccion-cinematografica\/","name":"La sede UCJC de Almagro, set de rodaje en una una producci\u00f3n cinematogr\u00e1fica - Blog de Cine","isPartOf":{"@id":"https:\/\/blogs.ucjc.edu\/grado-cine\/#website"},"primaryImageOfPage":{"@id":"https:\/\/blogs.ucjc.edu\/grado-cine\/2016\/09\/29\/la-sede-ucjc-de-almagro-set-de-rodaje-en-una-una-produccion-cinematografica\/#primaryimage"},"image":{"@id":"https:\/\/blogs.ucjc.edu\/grado-cine\/2016\/09\/29\/la-sede-ucjc-de-almagro-set-de-rodaje-en-una-una-produccion-cinematografica\/#primaryimage"},"thumbnailUrl":"https:\/\/blogs.ucjc.edu\/grado-cine\/wp-content\/uploads\/sites\/32\/2016\/09\/14495324_10154609425677236_7800918620085909597_n.jpg","datePublished":"2016-09-29T15:27:19+00:00","author":{"@id":"https:\/\/blogs.ucjc.edu\/grado-cine\/#\/schema\/person\/7d2122b030810db814145ba7847a1433"},"breadcrumb":{"@id":"https:\/\/blogs.ucjc.edu\/grado-cine\/2016\/09\/29\/la-sede-ucjc-de-almagro-set-de-rodaje-en-una-una-produccion-cinematografica\/#breadcrumb"},"inLanguage":"es","potentialAction":[{"@type":"ReadAction","target":["https:\/\/blogs.ucjc.edu\/grado-cine\/2016\/09\/29\/la-sede-ucjc-de-almagro-set-de-rodaje-en-una-una-produccion-cinematografica\/"]}]},{"@type":"ImageObject","inLanguage":"es","@id":"https:\/\/blogs.ucjc.edu\/grado-cine\/2016\/09\/29\/la-sede-ucjc-de-almagro-set-de-rodaje-en-una-una-produccion-cinematografica\/#primaryimage","url":"https:\/\/blogs.ucjc.edu\/grado-cine\/wp-content\/uploads\/sites\/32\/2016\/09\/14495324_10154609425677236_7800918620085909597_n.jpg","contentUrl":"https:\/\/blogs.ucjc.edu\/grado-cine\/wp-content\/uploads\/sites\/32\/2016\/09\/14495324_10154609425677236_7800918620085909597_n.jpg","width":540,"height":960},{"@type":"BreadcrumbList","@id":"https:\/\/blogs.ucjc.edu\/grado-cine\/2016\/09\/29\/la-sede-ucjc-de-almagro-set-de-rodaje-en-una-una-produccion-cinematografica\/#breadcrumb","itemListElement":[{"@type":"ListItem","position":1,"name":"Portada","item":"https:\/\/blogs.ucjc.edu\/grado-cine\/"},{"@type":"ListItem","position":2,"name":"La sede UCJC de Almagro, set de rodaje en una una producci\u00f3n cinematogr\u00e1fica"}]},{"@type":"WebSite","@id":"https:\/\/blogs.ucjc.edu\/grado-cine\/#website","url":"https:\/\/blogs.ucjc.edu\/grado-cine\/","name":"Blog de Cine","description":"Otro sitio m\u00e1s de Blogs Universidad Camilo Jos\u00e9 Cela","potentialAction":[{"@type":"SearchAction","target":{"@type":"EntryPoint","urlTemplate":"https:\/\/blogs.ucjc.edu\/grado-cine\/?s={search_term_string}"},"query-input":{"@type":"PropertyValueSpecification","valueRequired":true,"valueName":"search_term_string"}}],"inLanguage":"es"},{"@type":"Person","@id":"https:\/\/blogs.ucjc.edu\/grado-cine\/#\/schema\/person\/7d2122b030810db814145ba7847a1433","name":"Piluca","image":{"@type":"ImageObject","inLanguage":"es","@id":"https:\/\/blogs.ucjc.edu\/grado-cine\/#\/schema\/person\/image\/","url":"https:\/\/secure.gravatar.com\/avatar\/034b646bbf658fa9298938cb31cb81e20c3db9f71b8f9b0e50c8d6dfc71d05a3?s=96&d=mm&r=g","contentUrl":"https:\/\/secure.gravatar.com\/avatar\/034b646bbf658fa9298938cb31cb81e20c3db9f71b8f9b0e50c8d6dfc71d05a3?s=96&d=mm&r=g","caption":"Piluca"},"url":"https:\/\/blogs.ucjc.edu\/grado-cine\/author\/blog-de-cine\/"}]}},"_links":{"self":[{"href":"https:\/\/blogs.ucjc.edu\/grado-cine\/wp-json\/wp\/v2\/posts\/14","targetHints":{"allow":["GET"]}}],"collection":[{"href":"https:\/\/blogs.ucjc.edu\/grado-cine\/wp-json\/wp\/v2\/posts"}],"about":[{"href":"https:\/\/blogs.ucjc.edu\/grado-cine\/wp-json\/wp\/v2\/types\/post"}],"author":[{"embeddable":true,"href":"https:\/\/blogs.ucjc.edu\/grado-cine\/wp-json\/wp\/v2\/users\/45"}],"replies":[{"embeddable":true,"href":"https:\/\/blogs.ucjc.edu\/grado-cine\/wp-json\/wp\/v2\/comments?post=14"}],"version-history":[{"count":0,"href":"https:\/\/blogs.ucjc.edu\/grado-cine\/wp-json\/wp\/v2\/posts\/14\/revisions"}],"wp:featuredmedia":[{"embeddable":true,"href":"https:\/\/blogs.ucjc.edu\/grado-cine\/wp-json\/wp\/v2\/media\/15"}],"wp:attachment":[{"href":"https:\/\/blogs.ucjc.edu\/grado-cine\/wp-json\/wp\/v2\/media?parent=14"}],"wp:term":[{"taxonomy":"category","embeddable":true,"href":"https:\/\/blogs.ucjc.edu\/grado-cine\/wp-json\/wp\/v2\/categories?post=14"},{"taxonomy":"post_tag","embeddable":true,"href":"https:\/\/blogs.ucjc.edu\/grado-cine\/wp-json\/wp\/v2\/tags?post=14"}],"curies":[{"name":"wp","href":"https:\/\/api.w.org\/{rel}","templated":true}]}}